{"id":629,"date":"2026-04-27T18:52:43","date_gmt":"2026-04-27T18:52:43","guid":{"rendered":"https:\/\/educarnaval.com\/?p=629"},"modified":"2026-04-27T18:52:44","modified_gmt":"2026-04-27T18:52:44","slug":"educarnaval-hace-historia-en-las-fiestas-de-mayo-con-la-participacion-de-doris-garcia-suarez","status":"publish","type":"post","link":"https:\/\/educarnaval.com\/?p=629","title":{"rendered":"Educarnaval hace historia en las Fiestas de Mayo con la participaci\u00f3n de Doris Garc\u00eda Su\u00e1rez"},"content":{"rendered":"\n<p>Desde la Asociaci\u00f3n Cultural Educarnaval queremos compartir con enorme orgullo un momento muy especial para nuestra entidad. Este 2025 marca un hito en nuestra trayectoria, ya que, por primera vez, hemos participado en la elecci\u00f3n de la Romera Mayor de las Fiestas de Mayo de Santa Cruz de Tenerife.<\/p>\n\n\n\n<p>Nuestra candidata, <strong>Doris Garc\u00eda Su\u00e1rez<\/strong>, ha sido la encargada de representar a Educarnaval en este emblem\u00e1tico acto, celebrado en la Plaza de La Candelaria, llevando al escenario la esencia de nuestras tradiciones con elegancia, respeto y autenticidad.<\/p>\n\n\n\n<p>Ataviada con el <strong>traje de mujer de Chasna<\/strong>, y vestida por <strong>Texenery Moreno<\/strong>, Doris ha sabido transmitir el valor cultural y el arraigo de nuestras ra\u00edces, convirti\u00e9ndose en un reflejo fiel del esp\u00edritu que defendemos como asociaci\u00f3n.<\/p>\n\n\n\n<p>Este momento adquiere un significado a\u00fan m\u00e1s especial para nosotros, ya que Doris es la madre de uno de nuestros componentes desde los inicios del proyecto, cuando Educarnaval comenzaba su andadura en los primeros colegios de la isla. Un v\u00ednculo que refuerza nuestro car\u00e1cter familiar, cercano y profundamente comprometido con la comunidad.<\/p>\n\n\n\n<p>Desde Educarnaval queremos <strong>felicitar y agradecer a Doris<\/strong> su dedicaci\u00f3n, su ilusi\u00f3n y la magn\u00edfica representaci\u00f3n que ha hecho de nuestra asociaci\u00f3n. Su participaci\u00f3n no solo marca un antes y un despu\u00e9s en nuestra historia, sino que tambi\u00e9n reafirma nuestro compromiso con la promoci\u00f3n y conservaci\u00f3n de la cultura canaria.<\/p>\n\n\n\n<p>Seguimos creciendo, seguimos avanzando, y lo hacemos siempre de la mano de nuestras tradiciones.<\/p>\n\n\n\n<p><strong>Gracias, Doris, por formar parte de este momento inolvidable.<\/strong><\/p>\n","protected":false},"excerpt":{"rendered":"<p>Desde la Asociaci\u00f3n Cultural Educarnaval queremos compartir con enorme orgullo un momento muy especial para&hellip;<\/p>\n","protected":false},"author":1,"featured_media":630,"comment_status":"open","ping_status":"open","sticky":false,"template":"","format":"standard","meta":{"_jetpack_memberships_contains_paid_content":false,"footnotes":""},"categories":[30],"tags":[],"class_list":["post-629","post","type-post","status-publish","format-standard","has-post-thumbnail","hentry","category-santa-cruz-de-tenerife"],"jetpack_featured_media_url":"https:\/\/educarnaval.com\/wp-content\/uploads\/2026\/04\/Doris-Garcia-Suarez.jpg","jetpack_sharing_enabled":true,"_links":{"self":[{"href":"https:\/\/educarnaval.com\/index.php?rest_route=\/wp\/v2\/posts\/629","targetHints":{"allow":["GET"]}}],"collection":[{"href":"https:\/\/educarnaval.com\/index.php?rest_route=\/wp\/v2\/posts"}],"about":[{"href":"https:\/\/educarnaval.com\/index.php?rest_route=\/wp\/v2\/types\/post"}],"author":[{"embeddable":true,"href":"https:\/\/educarnaval.com\/index.php?rest_route=\/wp\/v2\/users\/1"}],"replies":[{"embeddable":true,"href":"https:\/\/educarnaval.com\/index.php?rest_route=%2Fwp%2Fv2%2Fcomments&post=629"}],"version-history":[{"count":1,"href":"https:\/\/educarnaval.com\/index.php?rest_route=\/wp\/v2\/posts\/629\/revisions"}],"predecessor-version":[{"id":631,"href":"https:\/\/educarnaval.com\/index.php?rest_route=\/wp\/v2\/posts\/629\/revisions\/631"}],"wp:featuredmedia":[{"embeddable":true,"href":"https:\/\/educarnaval.com\/index.php?rest_route=\/wp\/v2\/media\/630"}],"wp:attachment":[{"href":"https:\/\/educarnaval.com\/index.php?rest_route=%2Fwp%2Fv2%2Fmedia&parent=629"}],"wp:term":[{"taxonomy":"category","embeddable":true,"href":"https:\/\/educarnaval.com\/index.php?rest_route=%2Fwp%2Fv2%2Fcategories&post=629"},{"taxonomy":"post_tag","embeddable":true,"href":"https:\/\/educarnaval.com\/index.php?rest_route=%2Fwp%2Fv2%2Ftags&post=629"}],"curies":[{"name":"wp","href":"https:\/\/api.w.org\/{rel}","templated":true}]}}